{"id":11710,"date":"2026-04-17T08:27:33","date_gmt":"2026-04-17T06:27:33","guid":{"rendered":"https:\/\/ebblo.com\/?p=11710"},"modified":"2026-04-28T11:37:40","modified_gmt":"2026-04-28T09:37:40","slug":"world-public-transport-day-internationaler-aktionstag-fuer-den-oepnv","status":"publish","type":"post","link":"https:\/\/ebblo.com\/de\/world-public-transport-day-internationaler-aktionstag-fuer-den-oepnv\/","title":{"rendered":"World Public Transport Day: Internationaler Aktionstag f\u00fcr den \u00d6PNV"},"content":{"rendered":"\n<section id=\"res-header-image-block_33b201339e2e3879fdbc91d7cb8ea532\" class=\"res-block res-header-image alignwide style-standard background: transparent mt-2\">\n  <div class=\"res-header-img-outside fadeIn duration1 \"  data-aos=\"res-fadeIn\">\n\t<div class=\"res-header-height \">\n\t\t\n\t\n\t  <style> \n\t\t  @media only screen and (min-width: 970px) {\n\t\t\t #res-header-image-block_33b201339e2e3879fdbc91d7cb8ea532.res-header-image .layout-1.header-img-height { height: 50vh;}  \n\t\t\t #res-header-image-block_33b201339e2e3879fdbc91d7cb8ea532.res-header-image .layout-1 .res-header-image-vertical-center { top: 66%;} \n\t\t\t  \t\t\t  \n\t\t\t\n          \t\t  }\n\n\n\t\t  @media only screen and (max-width: 970px) {\n\n                      #res-header-image-block_33b201339e2e3879fdbc91d7cb8ea532.res-header-image .layout-1.header-img-height { height: 35vh;}\n          \n                      #res-header-image-block_33b201339e2e3879fdbc91d7cb8ea532.res-header-image .layout-1.header-img-mobile { height: 35vh;}\n          \n\t\t\t\n            \n\t\t\t  #res-header-image-block_33b201339e2e3879fdbc91d7cb8ea532.res-header-image .layout-1 .res-header-image-vertical-center { top: 55%;}  \n\t\t\t  \t\t  }\n\t\t            \n                 #res-header-image-block_33b201339e2e3879fdbc91d7cb8ea532.res-header-image .layout-1 .header-img-bg-opacity {\n                     opacity: 1;\n                }\n           \n\t  <\/style>\n\n        <div class=\"layout-1 jarallax header-img-height header-img-desktop\"\n             data-speed=\"0.6\"\n             style=\"background-color: #000;\">\n\n\t\t\t        <div class=\"res-header-image-vertical-center\">\n            <div class=\"container-fluid\">\n\n\t\t\t\t                    <div class=\"sloganBox\">\n                        <div class=\"row\">\n                            <div class=\"col col-md-8 text-left\">\n                                <div class=\"slogan-txt \" data-aos=\"res-leftIncoming\">\n\n\t\t\t\t\t\t\t\t\t\n\t\t\t\t\t\t\t\t\t\n\t\t\t\t\t\t\t\t\t\n\t\t\t\t\t\t\t\t\t\n\t\t\t\t\t\t\t\t\t\n                                <\/div>\n                            <\/div>\n                        <\/div>\n                    <\/div>\n\t\t\t\t\n            <\/div>\n        <\/div>\n\t\t<img loading=\"lazy\" decoding=\"async\" width=\"1920\" height=\"1080\" src=\"https:\/\/ebblo.com\/wp-content\/uploads\/2026\/04\/ebblo-news-uitp-world-public-transport-day-2026-de-header.jpg\" class=\"jarallax-img img-fluid header-img-bg-opacity\" alt=\"Welttag des \u00f6ffentlichen Nahverkehrs\" srcset=\"https:\/\/ebblo.com\/wp-content\/uploads\/2026\/04\/ebblo-news-uitp-world-public-transport-day-2026-de-header.jpg 1920w, https:\/\/ebblo.com\/wp-content\/uploads\/2026\/04\/ebblo-news-uitp-world-public-transport-day-2026-de-header-600x338.jpg 600w, https:\/\/ebblo.com\/wp-content\/uploads\/2026\/04\/ebblo-news-uitp-world-public-transport-day-2026-de-header-1300x731.jpg 1300w, https:\/\/ebblo.com\/wp-content\/uploads\/2026\/04\/ebblo-news-uitp-world-public-transport-day-2026-de-header-768x432.jpg 768w, https:\/\/ebblo.com\/wp-content\/uploads\/2026\/04\/ebblo-news-uitp-world-public-transport-day-2026-de-header-1536x864.jpg 1536w\" sizes=\"auto, (max-width: 1920px) 100vw, 1920px\" \/>\n\t\t\t\n        <\/div>\n\n\t\t\n\n       \n\n\t\t<\/div>\n\t<\/div>\n<\/section>\n\n\n\n \n\n\n\n\n<section id=\"res-link-anker-block_5397610846214c2442b68e534dabfc0f\" class=\"linkanker-section\">\n<div  class=\"res-block res-link-anker style-standard py-2  Transparent \" style=\"background: transparent;\">\n\n  <div class=\"inner-container container-small\" data-aos=\"res-fadeIn\">\n\t  \n\t  \t  \n\t\n\n          <div class=\"meta-line\">\n        <span class=\"meta-date\">17.04.2026<\/span> <span class='meta-separator'> | <\/span> <span class=\"meta-tax\"><a href=\"https:\/\/ebblo.com\/de\/kategorie\/news\/\">News<\/a><\/span>    <\/div>\n\n\n\n\n\n\n\n\t\t\n  \n\n\t<\/div>\n  <\/div>\n<\/section>\n\n\n\n\n<section id=\"res-txt-block_6c94223662f5d32cb4fbd2acb772f75a\" class=\"res-block res-txt style-standard layout01 pb-3  Transparent\" style=\"background: transparent;\">\n  <div class=\"inner-container container-small \" data-aos=\"res-fadeIn\">\n \n\t\t  \n\t\t \t  \n      \n      <div class=\"layout-1 txt-section\">\n\t\t<div class=\"row\">\t\n\t\t\t\n\t\t\n\t\t\t<div class=\"col-md-12 var-1spalten text-left\">\n\t\t\t\t\n\t\t\t\t<div class=\"txt-title-field\">\n\t\n\t\t\t\t\t\t\t\t   <h1 class=\"title-h1 \">World Public Transport Day \u2013 Wir feiern den \u00f6ffentlichen Nahverkehr<\/h1>\n\t\t\t\t\t\n\t\t\n\t\t\t\t\n\t\t\t\t\t\n\t\t\t\t\t \n\t\t\t\t\t<\/div>\n\n\t\t\t\t\t\t\t\t\t<div class=\"txt-textfield postContent pt-md-2 \">\n                        <p>Der \u00f6ffentliche Nahverkehr spielt eine entscheidende Rolle in unserem t\u00e4glichen Leben. Er verbindet Menschen und Gemeinschaften, f\u00f6rdert die wirtschaftliche Entwicklung, verringert Verkehrsstaus und ist ein wichtiger Motor f\u00fcr den Klimaschutz und die soziale Inklusion. Ohne starke und zuverl\u00e4ssige \u00f6ffentliche Nahverkehrssysteme sind nachhaltige und barrierefreie St\u00e4dte nicht m\u00f6glich.<\/p>\n<p>Um diese Bedeutung hervorzuheben, haben die UITP und ihre Partner den World Public Transport Day ins Leben gerufen \u2013 einen neuen internationalen Aktionstag, der dem \u00f6ffentlichen Verkehr und seinen Auswirkungen auf die Gesellschaft, Umwelt und Wirtschaft gewidmet ist.<\/p>\n\t\t\t\t\t<\/div>\n                \n                \n\t\t\t\t\t            <\/div>\n\t\t\t\t <\/div> \t\n\t\t<\/div>\n\t \n\t  \n \n \n\t<\/div>\n<\/section>\n\n\n\n\n\n\n<section id=\"res-txt-block_38092b0eccd2c4cf500ddc56e2c0c301\" class=\"res-block res-txt style-standard layout01 pb-3  Transparent\" style=\"background: transparent;\">\n  <div class=\"inner-container container-small \" data-aos=\"res-fadeIn\">\n \n\t\t  \n\t\t \t  \n      \n      <div class=\"layout-1 txt-section\">\n\t\t<div class=\"row\">\t\n\t\t\t\n\t\t\n\t\t\t<div class=\"col-md-12 var-1spalten text-left\">\n\t\t\t\t\n\t\t\t\t<div class=\"txt-title-field\">\n\t\n\t\t\t\t\t\n\t\t\n\t\t\t\t\n\t\t\t\t \n\t\t\t\t   <h3 class=\"title-h3 \">Ein weltweiter Aktionstag f\u00fcr den \u00f6ffentlichen Nahverkehr<\/h3>\n\t\t\t\t\t\n\t\t\t\t\t \n\t\t\t\t\t<\/div>\n\n\t\t\t\t\t\t\t\t\t<div class=\"txt-textfield postContent pt-md-2 \">\n                        <p>Der Welttag des \u00f6ffentlichen Nahverkehrs wird erstmals am <strong>17. April 2026<\/strong> gefeiert und dann jedes Jahr am selben Tag stattfinden. Als weltweiter Aktionstag f\u00fcr den gesamten \u00f6ffentlichen Nahverkehr hebt er die Bedeutung von Bus, Bahn und anderen \u00f6ffentlichen Verkehrsmitteln hervor, auf die sich t\u00e4glich Millionen von Menschen verlassen.<\/p>\n<p>In diesem Rahmen werden weltweit verschiedenste Veranstaltungen, Kampagnen und Aktionen auf die Beine gestellt. Sie alle verbindet ein gemeinsames Ziel: Sie sollen das Bewusstsein f\u00fcr den Wert des \u00f6ffentlichen Nahverkehrs sch\u00e4rfen, innovative Technologien und neue Mobilit\u00e4tskonzepte vorstellen und sowohl Fahrg\u00e4ste als auch Entscheidungstr\u00e4ger dazu ermutigen, in starke, zukunftssichere \u00f6ffentliche Verkehrssysteme zu investieren.<\/p>\n\t\t\t\t\t<\/div>\n                \n                \n\t\t\t\t\t            <\/div>\n\t\t\t\t <\/div> \t\n\t\t<\/div>\n\t \n\t  \n \n \n\t<\/div>\n<\/section>\n\n\n\n\n\n\n<section id=\"res-txt-block_f630368d74526ab72769ceeceaee1dac\" class=\"res-block res-txt style-standard layout01 pb-3  Transparent\" style=\"background: transparent;\">\n  <div class=\"inner-container container-small \" data-aos=\"res-fadeIn\">\n \n\t\t  \n\t\t \t  \n      \n      <div class=\"layout-1 txt-section\">\n\t\t<div class=\"row\">\t\n\t\t\t\n\t\t\n\t\t\t<div class=\"col-md-12 var-1spalten text-left\">\n\t\t\t\t\n\t\t\t\t<div class=\"txt-title-field\">\n\t\n\t\t\t\t\t\n\t\t\n\t\t\t\t\n\t\t\t\t \n\t\t\t\t   <h3 class=\"title-h3 \">Verkehrsunternehmen und Fahrg\u00e4ste im Fokus<\/h3>\n\t\t\t\t\t\n\t\t\t\t\t \n\t\t\t\t\t<\/div>\n\n\t\t\t\t\t\t\t\t\t<div class=\"txt-textfield postContent pt-md-2 \">\n                        <p>Am World Public Transport Day stehen die \u00f6ffentlichen Verkehrsunternehmen, Verkehrsverb\u00fcnde und alle Anbieter von Transportdienstleistungen im Mittelpunkt \u2013 und vor allem die Menschen, welche diese Serviceleistungen t\u00e4glich nutzen. Der Tag bietet die Gelegenheit, aktuelle Herausforderungen offen anzusprechen und gleichzeitig die Chancen hervorzuheben, die Innovation, Digitalisierung und Zusammenarbeit f\u00fcr die Zukunft der Mobilit\u00e4t er\u00f6ffnen k\u00f6nnen.<\/p>\n<p>Ein starkes \u00f6ffentliches Verkehrssystem f\u00f6rdert nicht nur Klimaschutz und Energieeffizienz, sondern auch die Barrierefreiheit, Inklusion und gleichberechtigte Teilhabe an der Mobilit\u00e4t.<\/p>\n\t\t\t\t\t<\/div>\n                \n                \n\t\t\t\t\t            <\/div>\n\t\t\t\t <\/div> \t\n\t\t<\/div>\n\t \n\t  \n \n \n\t<\/div>\n<\/section>\n\n\n\n\n\n\n<section id=\"res-txt-block_ca997f1197ad88c6392e8cdc6f05f6c8\" class=\"res-block res-txt style-standard layout01 pb-3  Transparent\" style=\"background: transparent;\">\n  <div class=\"inner-container container-small \" data-aos=\"res-fadeIn\">\n \n\t\t  \n\t\t \t  \n      \n      <div class=\"layout-1 txt-section\">\n\t\t<div class=\"row\">\t\n\t\t\t\n\t\t\n\t\t\t<div class=\"col-md-12 var-1spalten text-left\">\n\t\t\t\t\n\t\t\t\t<div class=\"txt-title-field\">\n\t\n\t\t\t\t\t\n\t\t\n\t\t\t\t\n\t\t\t\t \n\t\t\t\t   <h3 class=\"title-h3 \">ebblo unterst\u00fctzt den World Public Transport Day<\/h3>\n\t\t\t\t\t\n\t\t\t\t\t \n\t\t\t\t\t<\/div>\n\n\t\t\t\t\t\t\t\t\t<div class=\"txt-textfield postContent pt-md-2 \">\n                        <p>Digitalisierung und technologische Innovation spielen eine zentrale Rolle bei der St\u00e4rkung des \u00f6ffentlichen Nahverkehrs und machen ihn f\u00fcr Fahrg\u00e4ste zuverl\u00e4ssiger, zug\u00e4nglicher und attraktiver. Hier \u00fcbernimmt ebblo eine Schl\u00fcsselrolle.<\/p>\n<p>Mit unseren ITCS-L\u00f6sungen unterst\u00fctzen wir Anbieter \u00f6ffentlicher Verkehrsmittel dabei, ihren t\u00e4glichen Betrieb zu optimieren, die Fahrgastinformation zu verbessern und inklusivere sowie barrierefreie Fahrten zu erm\u00f6glichen. Durch die Vernetzung von Fahrzeugen, Leitstellen und Fahrg\u00e4sten in Echtzeit tr\u00e4gt ebblo dazu bei, den \u00f6ffentlichen Nahverkehr im Alltag benutzerfreundlicher und zuverl\u00e4ssiger zu machen.<\/p>\n<p>Am World Public Transport Day unterst\u00fctzt ebblo mit Begeisterung die Kampagne und ihre Ziele. Wir arbeiten jeden Tag eng mit unseren Kunden zusammen, um Technologien zu entwickeln, die den \u00f6ffentlichen Nahverkehr als Grundpfeiler einer nachhaltigen Mobilit\u00e4t st\u00e4rken \u2013 heute und in Zukunft.<\/p>\n<p>Heute feiern wir also den \u00f6ffentlichen Nahverkehr \u2013 und alle, die jeden Tag dazu beitragen, dass unsere St\u00e4dte in Bewegung bleiben.\u2728<\/p>\n<p>Erfahren Sie mehr \u00fcber den World Public Transport Day und machen Sie mit:<br \/>\n\ud83d\udc49 <a href=\"https:\/\/worldpublictransportday.com\" target=\"_blank\" rel=\"noopener\">worldpublictransportday.com<\/a><\/p>\n\t\t\t\t\t<\/div>\n                \n                \n\t\t\t\t\t            <\/div>\n\t\t\t\t <\/div> \t\n\t\t<\/div>\n\t \n\t  \n \n \n\t<\/div>\n<\/section>\n\n","protected":false},"excerpt":{"rendered":"","protected":false},"author":2,"featured_media":11700,"comment_status":"closed","ping_status":"open","sticky":false,"template":"","format":"standard","meta":{"_acf_changed":false,"footnotes":""},"categories":[8],"tags":[],"class_list":["post-11710","post","type-post","status-publish","format-standard","has-post-thumbnail","hentry","category-news"],"acf":[],"_links":{"self":[{"href":"https:\/\/ebblo.com\/de\/wp-json\/wp\/v2\/posts\/11710","targetHints":{"allow":["GET"]}}],"collection":[{"href":"https:\/\/ebblo.com\/de\/wp-json\/wp\/v2\/posts"}],"about":[{"href":"https:\/\/ebblo.com\/de\/wp-json\/wp\/v2\/types\/post"}],"author":[{"embeddable":true,"href":"https:\/\/ebblo.com\/de\/wp-json\/wp\/v2\/users\/2"}],"replies":[{"embeddable":true,"href":"https:\/\/ebblo.com\/de\/wp-json\/wp\/v2\/comments?post=11710"}],"version-history":[{"count":10,"href":"https:\/\/ebblo.com\/de\/wp-json\/wp\/v2\/posts\/11710\/revisions"}],"predecessor-version":[{"id":11899,"href":"https:\/\/ebblo.com\/de\/wp-json\/wp\/v2\/posts\/11710\/revisions\/11899"}],"wp:featuredmedia":[{"embeddable":true,"href":"https:\/\/ebblo.com\/de\/wp-json\/wp\/v2\/media\/11700"}],"wp:attachment":[{"href":"https:\/\/ebblo.com\/de\/wp-json\/wp\/v2\/media?parent=11710"}],"wp:term":[{"taxonomy":"category","embeddable":true,"href":"https:\/\/ebblo.com\/de\/wp-json\/wp\/v2\/categories?post=11710"},{"taxonomy":"post_tag","embeddable":true,"href":"https:\/\/ebblo.com\/de\/wp-json\/wp\/v2\/tags?post=11710"}],"curies":[{"name":"wp","href":"https:\/\/api.w.org\/{rel}","templated":true}]}}